{"id":51,"date":"2024-12-14T01:07:29","date_gmt":"2024-12-14T01:07:29","guid":{"rendered":"https:\/\/www.katarsis.mx\/blog\/?p=51"},"modified":"2026-04-14T17:29:56","modified_gmt":"2026-04-14T17:29:56","slug":"ansiedad-en-fiestas-decembrinas","status":"publish","type":"post","link":"https:\/\/www.katarsis.mx\/blog\/ansiedad-en-fiestas-decembrinas\/","title":{"rendered":"Ansiedad en fiestas decembrinas"},"content":{"rendered":"\n<p>Hist\u00f3ricamente se nos ha \u201cvendido\u201d que las fiestas decembrinas son tiempos de paz, de alegr\u00eda, de convivencia principalmente familiar, incluso una canci\u00f3n que dice \u201cnoche de paz, noche de amor\u201d pero\u2026 qu\u00e9 tanto se acerca todo eso a la realidad?<\/p>\n\n\n\n<p><\/p>\n\n\n\n<p>Por un lado pienso en quienes vivimos en grandes ciudades, definitivamente hay todo menos \u201cpaz\u201d: encontramos tr\u00e1nsito por brindis navide\u00f1os, por fiestas de fin de a\u00f1o, por compras de \u00faltima hora. Pienso tambi\u00e9n en quienes viven fuera de su ciudad o pa\u00eds, como es el caso de cientos de pacientes que atendemos cada a\u00f1o, personas que al encontrarse lejos de casa viven de todo menos esa anhelada \u201cpaz\u201d.<\/p>\n\n\n\n<p><\/p>\n\n\n\n<p>Y qu\u00e9 decir de la ansiedad generada por la presi\u00f3n econ\u00f3mica para comprar regalos que demuestren cu\u00e1nto amamos a las personas que nos rodean, porque parece que si no hay regalo, no hay afecto. No es coincidencia que la prevalencia de los trastornos de ansiedad aumenta a medida que disminuye el nivel de ingresos.<\/p>\n\n\n\n<p><strong>Qu\u00e9 es la ansiedad?<\/strong><\/p>\n\n\n\n<p>De acuerdo al Manual Diagn\u00f3stico y Estad\u00edstico de los Trastornos Mentales (DSM-5), la ansiedad se define como la anticipaci\u00f3n de una amenaza futura (as\u00ed es, algo que a\u00fan no ha sucedido).<\/p>\n\n\n\n<p><strong>Cu\u00e1les son algunos de los trastornos de ansiedad m\u00e1s frecuentes de encontrar?<\/strong><\/p>\n\n\n\n<ol class=\"wp-block-list\">\n<li>Trastorno de ansiedad social o fobia social: es el miedo a situaciones sociales espec\u00edficas.<\/li>\n\n\n\n<li>Trastorno de ansiedad generalizada: preocupaci\u00f3n excesiva y persistente sobre una variedad de temas, eventos o actividades.<\/li>\n<\/ol>\n\n\n\n<p><\/p>\n\n\n\n<p><strong>Estad\u00edsticas sobre la ansiedad<\/strong><\/p>\n\n\n\n<p>A nivel mundial, los trastornos de ansiedad son los m\u00e1s comunes entre los trastornos mentales. En 2019, afectaba a m\u00e1s de 300 millones de personas!<\/p>\n\n\n\n<p>En M\u00e9xico, la Encuesta Nacional de Bienestar Autorreportado (ENBIARE) 2021 encontr\u00f3 que m\u00e1s del 19% de la poblaci\u00f3n adulta tiene s\u00edntomas de ansiedad severa y m\u00e1s del 30 % tiene s\u00edntomas de ansiedad en alg\u00fan grado.<\/p>\n\n\n\n<p>Los trastornos de ansiedad afectan m\u00e1s a las mujeres que a los hombres, siendo casi el doble. Tambi\u00e9n son m\u00e1s frecuentes en personas que padecen alguna enfermedad cr\u00f3nica.<\/p>\n\n\n\n<p><\/p>\n\n\n\n<p><strong>C\u00f3mo saber si tengo ansiedad?<\/strong><\/p>\n\n\n\n<p>Algunos s\u00edntomas son:<\/p>\n\n\n\n<ol class=\"wp-block-list\">\n<li>Palpitaci\u00f3n o taquicardia<\/li>\n\n\n\n<li>Sudoraci\u00f3n <\/li>\n\n\n\n<li>Temblores<\/li>\n\n\n\n<li>Sensaci\u00f3n de ahogo<\/li>\n\n\n\n<li>Sensaci\u00f3n de atragantamiento<\/li>\n\n\n\n<li>Presi\u00f3n tor\u00e1cica<\/li>\n\n\n\n<li>Nauseas <\/li>\n\n\n\n<li>Mareo o sensaci\u00f3n de desmayo<\/li>\n\n\n\n<li>Insomnio<\/li>\n\n\n\n<li>Llanto<\/li>\n<\/ol>\n\n\n\n<p><\/p>\n\n\n\n<p>Muchos pacientes llegan a terapia psicol\u00f3gica despu\u00e9s de haber estado en urgencias o de haber visitado al cardi\u00f3logo pensando que estaban por sufrir un infarto pero se realizaron una serie de estudios, incluso check ups completos y no encontraron \u201cnada\u201d. Les es dif\u00edcil creer que toda esa monta\u00f1a de s\u00edntomas sea ansiedad.<\/p>\n\n\n\n<p><\/p>\n\n\n\n<p><strong>Qu\u00e9 tipo de profesional necesito para detectar si tengo ansiedad y recibir tratamiento?<\/strong><\/p>\n\n\n\n<p>Lo ideal es asistir con un licenciado en psicolog\u00eda con maestr\u00eda en psicoterapia (recuerda que en M\u00e9xico, la Ley de Salud Mental especifica que para dar terapia psicol\u00f3gica es requisito ser psic\u00f3logo con c\u00e9dula y posgrado en psicoterapia). Es un plus si el terapeuta tiene formaci\u00f3n en terapias contextuales o terapias de tercera generaci\u00f3n, ya que hoy en d\u00eda el mejor tratamiento es la terapia dial\u00e9ctico conductual o DBT.<\/p>\n\n\n\n<p>Tu terapeuta har\u00e1 una valoraci\u00f3n para determinar si la terapia psicol\u00f3gica es suficiente o si es necesario trabajar en interconsulta con un psiquiatra.<\/p>\n\n\n\n<p><\/p>\n\n\n\n<p><strong>Recomendaciones<\/strong><\/p>\n\n\n\n<ul class=\"wp-block-list\">\n<li>Alimentaci\u00f3n balanceada<\/li>\n\n\n\n<li>Cuidar tu higiene del sue\u00f1o (dormir por lo menos 7 horas cada noche)<\/li>\n\n\n\n<li>Mantenerte hidratado (al menos 2 litros de agua al d\u00eda)<\/li>\n\n\n\n<li>Reducir considerablemente el consumo de cafe\u00edna<\/li>\n\n\n\n<li>Realizar actividad f\u00edsica<\/li>\n\n\n\n<li>No exponerte a contenido que te pueda alterar como noticias, documentales, pel\u00edculas de terror, etc<\/li>\n\n\n\n<li>Practicar meditaci\u00f3n y ejercicios de respiraci\u00f3n <\/li>\n<\/ul>\n\n\n\n<p><\/p>\n\n\n\n<p>En www.katarsis.mx podr\u00e1s encontrar terapeutas calificados y con amplia experiencia para ayudarte a gestionar y regular la ansiedad. La ansiedad no es algo que se elimina o se desaparece pero s\u00ed podemos aprender a relacionarnos con ella de manera armoniosa!<\/p>\n","protected":false},"excerpt":{"rendered":"<p>Hist\u00f3ricamente se nos ha \u201cvendido\u201d que las fiestas decembrinas son tiempos de paz, de alegr\u00eda, de convivencia principalmente familiar, incluso una canci\u00f3n que dice \u201cnoche de paz, noche de amor\u201d pero\u2026 qu\u00e9 tanto se acerca todo eso a la realidad? Por un lado pienso en quienes vivimos en grandes ciudades, definitivamente hay todo menos \u201cpaz\u201d: &hellip; <\/p>\n<p class=\"link-more\"><a href=\"https:\/\/www.katarsis.mx\/blog\/ansiedad-en-fiestas-decembrinas\/\" class=\"more-link\">Continue reading<span class=\"screen-reader-text\"> \u00abAnsiedad en fiestas decembrinas\u00bb<\/span><\/a><\/p>\n","protected":false},"author":1,"featured_media":0,"comment_status":"closed","ping_status":"open","sticky":false,"template":"","format":"standard","meta":{"footnotes":""},"categories":[10,11],"tags":[19,13,15,14,17,22,16,21,24,18,20,23],"class_list":["post-51","post","type-post","status-publish","format-standard","hentry","category-ansiedad","category-terapia-dialectico-conductual-dbt","tag-angustia","tag-ansiedad","tag-ayuda","tag-dbt","tag-insomnio","tag-katarsis","tag-miedo","tag-psicologos","tag-psiquiatra","tag-taquicardia","tag-terapia","tag-terapiadialecticaconductual"],"_links":{"self":[{"href":"https:\/\/www.katarsis.mx\/blog\/wp-json\/wp\/v2\/posts\/51","targetHints":{"allow":["GET"]}}],"collection":[{"href":"https:\/\/www.katarsis.mx\/blog\/wp-json\/wp\/v2\/posts"}],"about":[{"href":"https:\/\/www.katarsis.mx\/blog\/wp-json\/wp\/v2\/types\/post"}],"author":[{"embeddable":true,"href":"https:\/\/www.katarsis.mx\/blog\/wp-json\/wp\/v2\/users\/1"}],"replies":[{"embeddable":true,"href":"https:\/\/www.katarsis.mx\/blog\/wp-json\/wp\/v2\/comments?post=51"}],"version-history":[{"count":1,"href":"https:\/\/www.katarsis.mx\/blog\/wp-json\/wp\/v2\/posts\/51\/revisions"}],"predecessor-version":[{"id":53,"href":"https:\/\/www.katarsis.mx\/blog\/wp-json\/wp\/v2\/posts\/51\/revisions\/53"}],"wp:attachment":[{"href":"https:\/\/www.katarsis.mx\/blog\/wp-json\/wp\/v2\/media?parent=51"}],"wp:term":[{"taxonomy":"category","embeddable":true,"href":"https:\/\/www.katarsis.mx\/blog\/wp-json\/wp\/v2\/categories?post=51"},{"taxonomy":"post_tag","embeddable":true,"href":"https:\/\/www.katarsis.mx\/blog\/wp-json\/wp\/v2\/tags?post=51"}],"curies":[{"name":"wp","href":"https:\/\/api.w.org\/{rel}","templated":true}]}}