{"id":91,"date":"2025-09-08T21:27:08","date_gmt":"2025-09-08T21:27:08","guid":{"rendered":"https:\/\/www.katarsis.mx\/blog\/?p=91"},"modified":"2026-04-14T17:27:31","modified_gmt":"2026-04-14T17:27:31","slug":"la-depresion-en-mexico","status":"publish","type":"post","link":"https:\/\/www.katarsis.mx\/blog\/la-depresion-en-mexico\/","title":{"rendered":"LA DEPRESI\u00d3N EN M\u00c9XICO"},"content":{"rendered":"\n<p>De acuerdo con la #OCDE, M\u00e9xico es el 2do. pa\u00eds con mayor prevalencia de <a href=\"https:\/\/www.linkedin.com\/search\/results\/all\/?keywords=%23depresi%C3%B3n&amp;origin=HASH_TAG_FROM_FEED\">#depresi\u00f3n<\/a>, donde se estima que 1 de cada 6 personas la padece.<br><br>De acuerdo al #INEGI, en M\u00e9xico en 2024 se registraron 9 mil muertes por <a href=\"https:\/\/www.linkedin.com\/search\/results\/all\/?keywords=%23suicidio&amp;origin=HASH_TAG_FROM_FEED\">#suicidio<\/a>, el 80% de los casos corresponde a sexo masculino.<\/p>\n\n\n\n<p><\/p>\n\n\n\n<p>La salud mental se ve afectada en miles de mexicanos cada a\u00f1o. Es fundamental hablar de ello, reconocer las se\u00f1ales de alerta y brindar apoyo a quienes lo necesiten. <\/p>\n\n\n\n<p>Puedes encontrar ayuda en servicios de atenci\u00f3n psicol\u00f3gica y psiqui\u00e1trica privada, o bien en instituciones como el Instituto Nacional de Psiquiatr\u00eda (<a href=\"https:\/\/inprf.gob.mx\/\">https:\/\/inprf.gob.mx\/<\/a>).<\/p>\n\n\n\n<p>CONTACTO<\/p>\n\n\n\n<p>En www.katarsis.mx podemos ayudarte, somos Centro de Atenci\u00f3n Psicol\u00f3gica Integral, ofrecemos psicoterapia online y presencial de lunes a domingo, atendemos ni\u00f1os, adolescentes, adultos, parejas y familias. Cont\u00e1ctanos a trav\u00e9s de nuestra p\u00e0gina o al 5551073098<br><br>Referencias:<br><a href=\"https:\/\/lnkd.in\/ecsuZVUN\">https:\/\/lnkd.in\/ecsuZVUN<\/a><br><a href=\"https:\/\/lnkd.in\/e-XPG7Qg\">https:\/\/lnkd.in\/e-XPG7Qg<\/a><\/p>\n","protected":false},"excerpt":{"rendered":"<p>De acuerdo con la #OCDE, M\u00e9xico es el 2do. pa\u00eds con mayor prevalencia de #depresi\u00f3n, donde se estima que 1 de cada 6 personas la padece. De acuerdo al #INEGI, en M\u00e9xico en 2024 se registraron 9 mil muertes por #suicidio, el 80% de los casos corresponde a sexo masculino. La salud mental se ve &hellip; <\/p>\n<p class=\"link-more\"><a href=\"https:\/\/www.katarsis.mx\/blog\/la-depresion-en-mexico\/\" class=\"more-link\">Continue reading<span class=\"screen-reader-text\"> \u00abLA DEPRESI\u00d3N EN M\u00c9XICO\u00bb<\/span><\/a><\/p>\n","protected":false},"author":1,"featured_media":92,"comment_status":"closed","ping_status":"open","sticky":false,"template":"","format":"standard","meta":{"footnotes":""},"categories":[10,8,12,7,9,11,35],"tags":[],"class_list":["post-91","post","type-post","status-publish","format-standard","has-post-thumbnail","hentry","category-ansiedad","category-consejos","category-depresion","category-psicologia","category-terapia-de-pareja","category-terapia-dialectico-conductual-dbt","category-terapia-online-2"],"_links":{"self":[{"href":"https:\/\/www.katarsis.mx\/blog\/wp-json\/wp\/v2\/posts\/91","targetHints":{"allow":["GET"]}}],"collection":[{"href":"https:\/\/www.katarsis.mx\/blog\/wp-json\/wp\/v2\/posts"}],"about":[{"href":"https:\/\/www.katarsis.mx\/blog\/wp-json\/wp\/v2\/types\/post"}],"author":[{"embeddable":true,"href":"https:\/\/www.katarsis.mx\/blog\/wp-json\/wp\/v2\/users\/1"}],"replies":[{"embeddable":true,"href":"https:\/\/www.katarsis.mx\/blog\/wp-json\/wp\/v2\/comments?post=91"}],"version-history":[{"count":2,"href":"https:\/\/www.katarsis.mx\/blog\/wp-json\/wp\/v2\/posts\/91\/revisions"}],"predecessor-version":[{"id":102,"href":"https:\/\/www.katarsis.mx\/blog\/wp-json\/wp\/v2\/posts\/91\/revisions\/102"}],"wp:featuredmedia":[{"embeddable":true,"href":"https:\/\/www.katarsis.mx\/blog\/wp-json\/wp\/v2\/media\/92"}],"wp:attachment":[{"href":"https:\/\/www.katarsis.mx\/blog\/wp-json\/wp\/v2\/media?parent=91"}],"wp:term":[{"taxonomy":"category","embeddable":true,"href":"https:\/\/www.katarsis.mx\/blog\/wp-json\/wp\/v2\/categories?post=91"},{"taxonomy":"post_tag","embeddable":true,"href":"https:\/\/www.katarsis.mx\/blog\/wp-json\/wp\/v2\/tags?post=91"}],"curies":[{"name":"wp","href":"https:\/\/api.w.org\/{rel}","templated":true}]}}